{"id":726,"date":"2024-05-09T16:52:39","date_gmt":"2024-05-09T16:52:39","guid":{"rendered":"https:\/\/presses-universitaires.parisnanterre.fr\/?p=726"},"modified":"2025-01-17T16:27:30","modified_gmt":"2025-01-17T16:27:30","slug":"mondes-hispaniques","status":"publish","type":"post","link":"https:\/\/presses-universitaires.parisnanterre.fr\/index.php\/2024\/05\/09\/mondes-hispaniques\/","title":{"rendered":"Mondes hispaniques"},"content":{"rendered":"\n<p>La collection a vocation \u00e0 publier des travaux traitant des probl\u00e9matiques majeures qui int\u00e9ressent actuellement la communaut\u00e9 des chercheurs en \u00e9tudes hispaniques. Les travaux publi\u00e9s refl\u00e8tent la diversit\u00e9 propre aux \u00e9tudes hispaniques d\u2019aujourd\u2019hui, sur le plan de la sp\u00e9cialit\u00e9 disciplinaire (litt\u00e9rature, civilisation, linguistique), de l\u2019ancrage g\u00e9o-culturel (Espagne et Am\u00e9rique) ou de la chronologie (travaux allant du Moyen \u00c2ge au XXIe si\u00e8cle).<\/p>\n\n\n<style>.wp-block-kadence-spacer.kt-block-spacer-726_ab0713-4b .kt-block-spacer{height:60px;}.wp-block-kadence-spacer.kt-block-spacer-726_ab0713-4b .kt-divider{border-top-width:1px;height:1px;border-top-color:#eee;width:80%;border-top-style:solid;}<\/style>\n<div class=\"wp-block-kadence-spacer aligncenter kt-block-spacer-726_ab0713-4b\"><div class=\"kt-block-spacer kt-block-spacer-halign-center\"><hr class=\"kt-divider\"\/><\/div><\/div>\n\n\n<style>.wp-block-kadence-column.kb-section-dir-horizontal > .kt-inside-inner-col > .kt-info-box726_b511b8-41 .kt-blocks-info-box-link-wrap{max-width:unset;}.kt-info-box726_b511b8-41 .kt-blocks-info-box-link-wrap{border-top:5px solid #eeeeee;border-right:5px solid #eeeeee;border-bottom:5px solid #eeeeee;border-left:5px solid #eeeeee;border-top-left-radius:20px;border-top-right-radius:20px;border-bottom-right-radius:20px;border-bottom-left-radius:20px;background:#ffffff;padding-top:24px;padding-right:24px;padding-bottom:24px;padding-left:24px;}.kt-info-box726_b511b8-41 .kt-blocks-info-box-link-wrap:hover{background:#ffffff;}.kt-info-box726_b511b8-41 .kadence-info-box-icon-container .kt-info-svg-icon, .kt-info-box726_b511b8-41 .kt-info-svg-icon-flip, .kt-info-box726_b511b8-41 .kt-blocks-info-box-number{font-size:100px;}.kt-info-box726_b511b8-41 .kt-blocks-info-box-media{color:#444444;background:#ffffff;border-color:#eeeeee;border-radius:200px;overflow:hidden;border-top-width:5px;border-right-width:5px;border-bottom-width:5px;border-left-width:5px;padding-top:20px;padding-right:20px;padding-bottom:20px;padding-left:20px;margin-top:0px;margin-right:20px;margin-bottom:0px;margin-left:0px;}.kt-info-box726_b511b8-41 .kt-blocks-info-box-media .kadence-info-box-image-intrisic img{border-radius:200px;}.kt-info-box726_b511b8-41 .kt-blocks-info-box-link-wrap:hover .kt-blocks-info-box-media{color:#444444;background:#ffffff;border-color:#eeeeee;}.kt-info-box726_b511b8-41 .kt-infobox-textcontent h2.kt-blocks-info-box-title{padding-top:0px;padding-right:0px;padding-bottom:0px;padding-left:0px;margin-top:5px;margin-right:0px;margin-bottom:10px;margin-left:0px;}.kt-info-box726_b511b8-41 .kt-infobox-textcontent .kt-blocks-info-box-text{color:#555555;}.kt-info-box726_b511b8-41 .kt-blocks-info-box-learnmore{background:transparent;border-color:#555555;border-width:0px 0px 0px 0px;padding-top:4px;padding-right:8px;padding-bottom:4px;padding-left:8px;margin-top:10px;margin-right:0px;margin-bottom:10px;margin-left:0px;}.kt-info-box726_b511b8-41 .kt-blocks-info-box-link-wrap:hover .kt-blocks-info-box-learnmore,.kt-info-box726_b511b8-41 .kt-blocks-info-box-link-wrap .kt-blocks-info-box-learnmore:focus{color:#ffffff;background:#444444;border-color:#444444;}@media all and (max-width: 1024px){.kt-info-box726_b511b8-41 .kt-blocks-info-box-link-wrap{border-top:5px solid #eeeeee;border-right:5px solid #eeeeee;border-bottom:5px solid #eeeeee;border-left:5px solid #eeeeee;}}@media all and (max-width: 767px){.kt-info-box726_b511b8-41 .kt-blocks-info-box-link-wrap{border-top:5px solid #eeeeee;border-right:5px solid #eeeeee;border-bottom:5px solid #eeeeee;border-left:5px solid #eeeeee;}}<\/style>\n<div class=\"wp-block-kadence-infobox kt-info-box726_b511b8-41\"><span class=\"kt-blocks-info-box-link-wrap info-box-link kt-blocks-info-box-media-align-left kt-info-halign-left\"><div class=\"kt-blocks-info-box-media-container\"><div class=\"kt-blocks-info-box-media kt-info-media-animate-none\"><div class=\"kadence-info-box-icon-container kt-info-icon-animate-none\"><div class=\"kadence-info-box-icon-inner-container\"><span class=\"kb-svg-icon-wrap kb-svg-icon-fas_users kt-info-svg-icon\"><svg viewBox=\"0 0 640 512\"  fill=\"currentColor\" xmlns=\"http:\/\/www.w3.org\/2000\/svg\"  aria-hidden=\"true\"><path d=\"M96 224c35.3 0 64-28.7 64-64s-28.7-64-64-64-64 28.7-64 64 28.7 64 64 64zm448 0c35.3 0 64-28.7 64-64s-28.7-64-64-64-64 28.7-64 64 28.7 64 64 64zm32 32h-64c-17.6 0-33.5 7.1-45.1 18.6 40.3 22.1 68.9 62 75.1 109.4h66c17.7 0 32-14.3 32-32v-32c0-35.3-28.7-64-64-64zm-256 0c61.9 0 112-50.1 112-112S381.9 32 320 32 208 82.1 208 144s50.1 112 112 112zm76.8 32h-8.3c-20.8 10-43.9 16-68.5 16s-47.6-6-68.5-16h-8.3C179.6 288 128 339.6 128 403.2V432c0 26.5 21.5 48 48 48h288c26.5 0 48-21.5 48-48v-28.8c0-63.6-51.6-115.2-115.2-115.2zm-223.7-13.4C161.5 263.1 145.6 256 128 256H64c-35.3 0-64 28.7-64 64v32c0 17.7 14.3 32 32 32h65.9c6.3-47.4 34.9-87.3 75.2-109.4z\"\/><\/svg><\/span><\/div><\/div><\/div><\/div><div class=\"kt-infobox-textcontent\"><h2 class=\"kt-blocks-info-box-title\">Direction de la collection<\/h2><p class=\"kt-blocks-info-box-text\"><strong>Alexandra Oddo<\/strong>, CRIIA-\u00c9tudes Romanes, universit\u00e9 Paris Nanterre, alexandra.oddo@parisnanterre.fr. Professeure de linguistique hispanique \u00e0 l&rsquo;UFR LCE<\/p><\/div><\/span><\/div>\n\n\n<style>.wp-block-kadence-column.kb-section-dir-horizontal > .kt-inside-inner-col > .kt-info-box726_c96a57-4d .kt-blocks-info-box-link-wrap{max-width:unset;}.kt-info-box726_c96a57-4d .kt-blocks-info-box-link-wrap{border-top:5px solid #eeeeee;border-right:5px solid #eeeeee;border-bottom:5px solid #eeeeee;border-left:5px solid #eeeeee;border-top-left-radius:20px;border-top-right-radius:20px;border-bottom-right-radius:20px;border-bottom-left-radius:20px;background:#ffffff;padding-top:24px;padding-right:24px;padding-bottom:24px;padding-left:24px;}.kt-info-box726_c96a57-4d .kt-blocks-info-box-link-wrap:hover{background:#ffffff;}.kt-info-box726_c96a57-4d .kadence-info-box-icon-container .kt-info-svg-icon, .kt-info-box726_c96a57-4d .kt-info-svg-icon-flip, .kt-info-box726_c96a57-4d .kt-blocks-info-box-number{font-size:100px;}.kt-info-box726_c96a57-4d .kt-blocks-info-box-media{color:#444444;background:#ffffff;border-color:#eeeeee;border-radius:200px;overflow:hidden;border-top-width:5px;border-right-width:5px;border-bottom-width:5px;border-left-width:5px;padding-top:20px;padding-right:20px;padding-bottom:20px;padding-left:20px;margin-top:0px;margin-right:20px;margin-bottom:0px;margin-left:0px;}.kt-info-box726_c96a57-4d .kt-blocks-info-box-media .kadence-info-box-image-intrisic img{border-radius:200px;}.kt-info-box726_c96a57-4d .kt-blocks-info-box-link-wrap:hover .kt-blocks-info-box-media{color:#444444;background:#ffffff;border-color:#eeeeee;}.kt-info-box726_c96a57-4d .kt-infobox-textcontent h2.kt-blocks-info-box-title{padding-top:0px;padding-right:0px;padding-bottom:0px;padding-left:0px;margin-top:5px;margin-right:0px;margin-bottom:10px;margin-left:0px;}.kt-info-box726_c96a57-4d .kt-infobox-textcontent .kt-blocks-info-box-text{color:#555555;}.kt-info-box726_c96a57-4d .kt-blocks-info-box-learnmore{background:transparent;border-color:#555555;border-width:0px 0px 0px 0px;padding-top:4px;padding-right:8px;padding-bottom:4px;padding-left:8px;margin-top:10px;margin-right:0px;margin-bottom:10px;margin-left:0px;}.kt-info-box726_c96a57-4d .kt-blocks-info-box-link-wrap:hover .kt-blocks-info-box-learnmore,.kt-info-box726_c96a57-4d .kt-blocks-info-box-link-wrap .kt-blocks-info-box-learnmore:focus{color:#ffffff;background:#444444;border-color:#444444;}@media all and (max-width: 1024px){.kt-info-box726_c96a57-4d .kt-blocks-info-box-link-wrap{border-top:5px solid #eeeeee;border-right:5px solid #eeeeee;border-bottom:5px solid #eeeeee;border-left:5px solid #eeeeee;}}@media all and (max-width: 767px){.kt-info-box726_c96a57-4d .kt-blocks-info-box-link-wrap{border-top:5px solid #eeeeee;border-right:5px solid #eeeeee;border-bottom:5px solid #eeeeee;border-left:5px solid #eeeeee;}}<\/style>\n<div class=\"wp-block-kadence-infobox kt-info-box726_c96a57-4d\"><span class=\"kt-blocks-info-box-link-wrap info-box-link kt-blocks-info-box-media-align-left kt-info-halign-left\"><div class=\"kt-blocks-info-box-media-container\"><div class=\"kt-blocks-info-box-media kt-info-media-animate-none\"><div class=\"kadence-info-box-icon-container kt-info-icon-animate-none\"><div class=\"kadence-info-box-icon-inner-container\"><span class=\"kb-svg-icon-wrap kb-svg-icon-fe_download kt-info-svg-icon\"><svg viewBox=\"0 0 24 24\"  fill=\"none\" stroke=\"currentColor\" stroke-width=\"2\" stroke-linecap=\"round\" stroke-linejoin=\"round\" xmlns=\"http:\/\/www.w3.org\/2000\/svg\"  aria-hidden=\"true\"><path d=\"M21 15v4a2 2 0 0 1-2 2H5a2 2 0 0 1-2-2v-4\"\/><polyline points=\"7 10 12 15 17 10\"\/><line x1=\"12\" y1=\"15\" x2=\"12\" y2=\"3\"\/><\/svg><\/span><\/div><\/div><\/div><\/div><div class=\"kt-infobox-textcontent\"><h2 class=\"kt-blocks-info-box-title\">Modalit\u00e9s de soumissions de propositions<\/h2><p class=\"kt-blocks-info-box-text\">Manuscrit complet et un argumentaire qui fait valoir l&rsquo;int\u00e9r\u00eat de la proposition.<\/p><\/div><\/span><\/div>\n\n\n<style>.wp-block-kadence-spacer.kt-block-spacer-726_8021c6-04 .kt-block-spacer{height:60px;}.wp-block-kadence-spacer.kt-block-spacer-726_8021c6-04 .kt-divider{border-top-width:1px;height:1px;border-top-color:#eee;width:80%;border-top-style:solid;}<\/style>\n<div class=\"wp-block-kadence-spacer aligncenter kt-block-spacer-726_8021c6-04\"><div class=\"kt-block-spacer kt-block-spacer-halign-center\"><hr class=\"kt-divider\"\/><\/div><\/div>\n\n\n<div data-block-name=\"woocommerce\/product-tag\" data-tags=\"[392]\" class=\"wc-block-grid wp-block-product-tag wp-block-woocommerce-product-tag wc-block-product-tag has-3-columns has-multiple-rows\"><ul class=\"wc-block-grid__products\"><li class=\"wc-block-grid__product entry loop-entry content-bg woo-archive-action-on-hover woo-archive-btn-button product-loop-boxed woo-archive-image-hover-fade\"><a href=\"https:\/\/presses-universitaires.parisnanterre.fr\/index.php\/produit\/une-voix-a-soi-la-formation-de-la-narratrice-dans-les-oeuvres-de-rosa-chacel-elena-quiroga-et-ana-maria-matute\/\" class=\"wc-block-grid__product-link woocommerce-loop-image-link woocommerce-LoopProduct-link woocommerce-loop-product__link\">\n\t\t\t\t\t<img loading=\"lazy\" decoding=\"async\" width=\"300\" height=\"450\" src=\"https:\/\/presses-universitaires.parisnanterre.fr\/wp-content\/uploads\/2026\/03\/9782840166238-300x450.jpg\" class=\"attachment-woocommerce_thumbnail size-woocommerce_thumbnail\" alt=\"Une voix \u00e0 soi. La formation de la narratrice dans les \u0153uvres de Rosa Chacel, Elena Quiroga et Ana Mar\u00eda Matute\" \/>\n\t\t\t\t\t\n\t\t\t\t<\/a>\n\t\t\t\t<div class=\"product-details content-bg entry-content-wrap\">\n\t\t\t\t\t<a href=\"https:\/\/presses-universitaires.parisnanterre.fr\/index.php\/produit\/une-voix-a-soi-la-formation-de-la-narratrice-dans-les-oeuvres-de-rosa-chacel-elena-quiroga-et-ana-maria-matute\/\" class=\"wc-block-grid__product-title-link\">\n\t\t\t\t\t\t<div class=\"wc-block-grid__product-title\">Une voix \u00e0 soi. La formation de la narratrice dans les \u0153uvres de Rosa Chacel, Elena Quiroga et Ana Mar\u00eda Matute<\/div>\n\t\t\t\t\t<\/a>\n\t\t\t\t\t\n\t\t\t\t\t<div class=\"wc-block-grid__product-price price\"><span class=\"woocommerce-Price-amount amount\"><bdi>18,00&nbsp;<span class=\"woocommerce-Price-currencySymbol\">&euro;<\/span><\/bdi><\/span><\/div>\n\t\t\t\t\t<div class=\"wp-block-button wc-block-grid__product-add-to-cart\"><a href=\"\/index.php\/wp-json\/wp\/v2\/posts\/726?add-to-cart=4259\" aria-label=\"Ajouter au panier\u00a0: &ldquo;Une voix \u00e0 soi. La formation de la narratrice dans les \u0153uvres de Rosa Chacel, Elena Quiroga et Ana Mar\u00eda Matute&rdquo;\" data-quantity=\"1\" data-product_id=\"4259\" data-product_sku=\"\" rel=\"nofollow\" class=\"wp-block-button__link add_to_cart_button ajax_add_to_cart\">Ajouter au panier<span class=\"kadence-svg-iconset svg-baseline\"><svg class=\"kadence-svg-icon kadence-spinner-svg\" fill=\"currentColor\" version=\"1.1\" xmlns=\"http:\/\/www.w3.org\/2000\/svg\" width=\"16\" height=\"16\" viewBox=\"0 0 16 16\"><title>Chargement<\/title><path d=\"M16 6h-6l2.243-2.243c-1.133-1.133-2.64-1.757-4.243-1.757s-3.109 0.624-4.243 1.757c-1.133 1.133-1.757 2.64-1.757 4.243s0.624 3.109 1.757 4.243c1.133 1.133 2.64 1.757 4.243 1.757s3.109-0.624 4.243-1.757c0.095-0.095 0.185-0.192 0.273-0.292l1.505 1.317c-1.466 1.674-3.62 2.732-6.020 2.732-4.418 0-8-3.582-8-8s3.582-8 8-8c2.209 0 4.209 0.896 5.656 2.344l2.343-2.344v6z\"><\/path>\n\t\t\t\t<\/svg><\/span><span class=\"kadence-svg-iconset svg-baseline\"><svg class=\"kadence-svg-icon kadence-check-svg\" fill=\"currentColor\" version=\"1.1\" xmlns=\"http:\/\/www.w3.org\/2000\/svg\" width=\"16\" height=\"16\" viewBox=\"0 0 16 16\"><title>Termin\u00e9<\/title><path d=\"M14 2.5l-8.5 8.5-3.5-3.5-1.5 1.5 5 5 10-10z\"><\/path>\n\t\t\t\t<\/svg><\/span><\/a><\/div>\n\t\t\t\t<\/div>\n\t\t\t<\/li><li class=\"wc-block-grid__product entry loop-entry content-bg woo-archive-action-on-hover woo-archive-btn-button product-loop-boxed woo-archive-image-hover-fade\"><a href=\"https:\/\/presses-universitaires.parisnanterre.fr\/index.php\/produit\/nouveau-theatre-espagnol-1967-1978-histoire-dune-resistance-politique-culturelle-et-esthetique-sous-le-franquisme-tardif\/\" class=\"wc-block-grid__product-link woocommerce-loop-image-link woocommerce-LoopProduct-link woocommerce-loop-product__link\">\n\t\t\t\t\t<img loading=\"lazy\" decoding=\"async\" width=\"300\" height=\"450\" src=\"https:\/\/presses-universitaires.parisnanterre.fr\/wp-content\/uploads\/2021\/04\/nouveau-the\u0301a\u0302tre-300x450.jpg\" class=\"attachment-woocommerce_thumbnail size-woocommerce_thumbnail\" alt=\"Le Nouveau Th\u00e9\u00e2tre espagnol (1967-1978) Histoire d&#039;une r\u00e9sistance politique, culturelle et esth\u00e9tique sous le franquisme tardif\" \/>\n\t\t\t\t\t\n\t\t\t\t<\/a>\n\t\t\t\t<div class=\"product-details content-bg entry-content-wrap\">\n\t\t\t\t\t<a href=\"https:\/\/presses-universitaires.parisnanterre.fr\/index.php\/produit\/nouveau-theatre-espagnol-1967-1978-histoire-dune-resistance-politique-culturelle-et-esthetique-sous-le-franquisme-tardif\/\" class=\"wc-block-grid__product-title-link\">\n\t\t\t\t\t\t<div class=\"wc-block-grid__product-title\">Le Nouveau Th\u00e9\u00e2tre espagnol (1967-1978) Histoire d&rsquo;une r\u00e9sistance politique, culturelle et esth\u00e9tique sous le franquisme tardif<\/div>\n\t\t\t\t\t<\/a>\n\t\t\t\t\t\n\t\t\t\t\t<div class=\"wc-block-grid__product-price price\"><span class=\"woocommerce-Price-amount amount\"><bdi>18,00&nbsp;<span class=\"woocommerce-Price-currencySymbol\">&euro;<\/span><\/bdi><\/span><\/div>\n\t\t\t\t\t<div class=\"wp-block-button wc-block-grid__product-add-to-cart\"><a href=\"\/index.php\/wp-json\/wp\/v2\/posts\/726?add-to-cart=416\" aria-label=\"Ajouter au panier\u00a0: &ldquo;Le Nouveau Th\u00e9\u00e2tre espagnol (1967-1978) Histoire d&#039;une r\u00e9sistance politique, culturelle et esth\u00e9tique sous le franquisme tardif&rdquo;\" data-quantity=\"1\" data-product_id=\"416\" data-product_sku=\"\" rel=\"nofollow\" class=\"wp-block-button__link add_to_cart_button ajax_add_to_cart\">Ajouter au panier<span class=\"kadence-svg-iconset svg-baseline\"><svg class=\"kadence-svg-icon kadence-spinner-svg\" fill=\"currentColor\" version=\"1.1\" xmlns=\"http:\/\/www.w3.org\/2000\/svg\" width=\"16\" height=\"16\" viewBox=\"0 0 16 16\"><title>Chargement<\/title><path d=\"M16 6h-6l2.243-2.243c-1.133-1.133-2.64-1.757-4.243-1.757s-3.109 0.624-4.243 1.757c-1.133 1.133-1.757 2.64-1.757 4.243s0.624 3.109 1.757 4.243c1.133 1.133 2.64 1.757 4.243 1.757s3.109-0.624 4.243-1.757c0.095-0.095 0.185-0.192 0.273-0.292l1.505 1.317c-1.466 1.674-3.62 2.732-6.020 2.732-4.418 0-8-3.582-8-8s3.582-8 8-8c2.209 0 4.209 0.896 5.656 2.344l2.343-2.344v6z\"><\/path>\n\t\t\t\t<\/svg><\/span><span class=\"kadence-svg-iconset svg-baseline\"><svg class=\"kadence-svg-icon kadence-check-svg\" fill=\"currentColor\" version=\"1.1\" xmlns=\"http:\/\/www.w3.org\/2000\/svg\" width=\"16\" height=\"16\" viewBox=\"0 0 16 16\"><title>Termin\u00e9<\/title><path d=\"M14 2.5l-8.5 8.5-3.5-3.5-1.5 1.5 5 5 10-10z\"><\/path>\n\t\t\t\t<\/svg><\/span><\/a><\/div>\n\t\t\t\t<\/div>\n\t\t\t<\/li><li class=\"wc-block-grid__product entry loop-entry content-bg woo-archive-action-on-hover woo-archive-btn-button product-loop-boxed woo-archive-image-hover-fade\"><a href=\"https:\/\/presses-universitaires.parisnanterre.fr\/index.php\/produit\/lexpression-de-la-modalite-epistemique-en-espagnol-etude-diachronique-des-modalisateurs-de-doute\/\" class=\"wc-block-grid__product-link woocommerce-loop-image-link woocommerce-LoopProduct-link woocommerce-loop-product__link\">\n\t\t\t\t\t<img loading=\"lazy\" decoding=\"async\" width=\"300\" height=\"450\" src=\"https:\/\/presses-universitaires.parisnanterre.fr\/wp-content\/uploads\/2021\/02\/006397_cvquadri_expression.p1-300x450.png\" class=\"attachment-woocommerce_thumbnail size-woocommerce_thumbnail\" alt=\"L\u2019expression de la modalit\u00e9 \u00e9pist\u00e9mique en espagnol. \u00c9tude diachronique des modalisateurs de doute\" \/>\n\t\t\t\t\t\n\t\t\t\t<\/a>\n\t\t\t\t<div class=\"product-details content-bg entry-content-wrap\">\n\t\t\t\t\t<a href=\"https:\/\/presses-universitaires.parisnanterre.fr\/index.php\/produit\/lexpression-de-la-modalite-epistemique-en-espagnol-etude-diachronique-des-modalisateurs-de-doute\/\" class=\"wc-block-grid__product-title-link\">\n\t\t\t\t\t\t<div class=\"wc-block-grid__product-title\">L\u2019expression de la modalit\u00e9 \u00e9pist\u00e9mique en espagnol. \u00c9tude diachronique des modalisateurs de doute<\/div>\n\t\t\t\t\t<\/a>\n\t\t\t\t\t\n\t\t\t\t\t<div class=\"wc-block-grid__product-price price\"><span class=\"woocommerce-Price-amount amount\"><bdi>18,00&nbsp;<span class=\"woocommerce-Price-currencySymbol\">&euro;<\/span><\/bdi><\/span><\/div>\n\t\t\t\t\t<div class=\"wp-block-button wc-block-grid__product-add-to-cart\"><a href=\"\/index.php\/wp-json\/wp\/v2\/posts\/726?add-to-cart=194\" aria-label=\"Ajouter au panier\u00a0: &ldquo;L\u2019expression de la modalit\u00e9 \u00e9pist\u00e9mique en espagnol. \u00c9tude diachronique des modalisateurs de doute&rdquo;\" data-quantity=\"1\" data-product_id=\"194\" data-product_sku=\"\" rel=\"nofollow\" class=\"wp-block-button__link add_to_cart_button ajax_add_to_cart\">Ajouter au panier<span class=\"kadence-svg-iconset svg-baseline\"><svg class=\"kadence-svg-icon kadence-spinner-svg\" fill=\"currentColor\" version=\"1.1\" xmlns=\"http:\/\/www.w3.org\/2000\/svg\" width=\"16\" height=\"16\" viewBox=\"0 0 16 16\"><title>Chargement<\/title><path d=\"M16 6h-6l2.243-2.243c-1.133-1.133-2.64-1.757-4.243-1.757s-3.109 0.624-4.243 1.757c-1.133 1.133-1.757 2.64-1.757 4.243s0.624 3.109 1.757 4.243c1.133 1.133 2.64 1.757 4.243 1.757s3.109-0.624 4.243-1.757c0.095-0.095 0.185-0.192 0.273-0.292l1.505 1.317c-1.466 1.674-3.62 2.732-6.020 2.732-4.418 0-8-3.582-8-8s3.582-8 8-8c2.209 0 4.209 0.896 5.656 2.344l2.343-2.344v6z\"><\/path>\n\t\t\t\t<\/svg><\/span><span class=\"kadence-svg-iconset svg-baseline\"><svg class=\"kadence-svg-icon kadence-check-svg\" fill=\"currentColor\" version=\"1.1\" xmlns=\"http:\/\/www.w3.org\/2000\/svg\" width=\"16\" height=\"16\" viewBox=\"0 0 16 16\"><title>Termin\u00e9<\/title><path d=\"M14 2.5l-8.5 8.5-3.5-3.5-1.5 1.5 5 5 10-10z\"><\/path>\n\t\t\t\t<\/svg><\/span><\/a><\/div>\n\t\t\t\t<\/div>\n\t\t\t<\/li><li class=\"wc-block-grid__product entry loop-entry content-bg woo-archive-action-on-hover woo-archive-btn-button product-loop-boxed woo-archive-image-hover-fade\"><a href=\"https:\/\/presses-universitaires.parisnanterre.fr\/index.php\/produit\/feter-la-nation-mexique-et-bolivie-pendant-leur-premier-siecle-de-vie-independante-1810-1925\/\" class=\"wc-block-grid__product-link woocommerce-loop-image-link woocommerce-LoopProduct-link woocommerce-loop-product__link\">\n\t\t\t\t\t<img loading=\"lazy\" decoding=\"async\" width=\"300\" height=\"450\" src=\"https:\/\/presses-universitaires.parisnanterre.fr\/wp-content\/uploads\/2021\/06\/CouvFeterlaNation-300x450.jpg\" class=\"attachment-woocommerce_thumbnail size-woocommerce_thumbnail\" alt=\"F\u00eater la nation. Mexique et Bolivie pendant leur premier si\u00e8cle de vie ind\u00e9pendante (1810-1925)\" \/>\n\t\t\t\t\t\n\t\t\t\t<\/a>\n\t\t\t\t<div class=\"product-details content-bg entry-content-wrap\">\n\t\t\t\t\t<a href=\"https:\/\/presses-universitaires.parisnanterre.fr\/index.php\/produit\/feter-la-nation-mexique-et-bolivie-pendant-leur-premier-siecle-de-vie-independante-1810-1925\/\" class=\"wc-block-grid__product-title-link\">\n\t\t\t\t\t\t<div class=\"wc-block-grid__product-title\">F\u00eater la nation. Mexique et Bolivie pendant leur premier si\u00e8cle de vie ind\u00e9pendante (1810-1925)<\/div>\n\t\t\t\t\t<\/a>\n\t\t\t\t\t\n\t\t\t\t\t<div class=\"wc-block-grid__product-price price\"><span class=\"woocommerce-Price-amount amount\"><bdi>23,00&nbsp;<span class=\"woocommerce-Price-currencySymbol\">&euro;<\/span><\/bdi><\/span><\/div>\n\t\t\t\t\t<div class=\"wp-block-button wc-block-grid__product-add-to-cart\"><a href=\"\/index.php\/wp-json\/wp\/v2\/posts\/726?add-to-cart=1222\" aria-label=\"Ajouter au panier\u00a0: &ldquo;F\u00eater la nation. Mexique et Bolivie pendant leur premier si\u00e8cle de vie ind\u00e9pendante (1810-1925)&rdquo;\" data-quantity=\"1\" data-product_id=\"1222\" data-product_sku=\"\" rel=\"nofollow\" class=\"wp-block-button__link add_to_cart_button ajax_add_to_cart\">Ajouter au panier<span class=\"kadence-svg-iconset svg-baseline\"><svg class=\"kadence-svg-icon kadence-spinner-svg\" fill=\"currentColor\" version=\"1.1\" xmlns=\"http:\/\/www.w3.org\/2000\/svg\" width=\"16\" height=\"16\" viewBox=\"0 0 16 16\"><title>Chargement<\/title><path d=\"M16 6h-6l2.243-2.243c-1.133-1.133-2.64-1.757-4.243-1.757s-3.109 0.624-4.243 1.757c-1.133 1.133-1.757 2.64-1.757 4.243s0.624 3.109 1.757 4.243c1.133 1.133 2.64 1.757 4.243 1.757s3.109-0.624 4.243-1.757c0.095-0.095 0.185-0.192 0.273-0.292l1.505 1.317c-1.466 1.674-3.62 2.732-6.020 2.732-4.418 0-8-3.582-8-8s3.582-8 8-8c2.209 0 4.209 0.896 5.656 2.344l2.343-2.344v6z\"><\/path>\n\t\t\t\t<\/svg><\/span><span class=\"kadence-svg-iconset svg-baseline\"><svg class=\"kadence-svg-icon kadence-check-svg\" fill=\"currentColor\" version=\"1.1\" xmlns=\"http:\/\/www.w3.org\/2000\/svg\" width=\"16\" height=\"16\" viewBox=\"0 0 16 16\"><title>Termin\u00e9<\/title><path d=\"M14 2.5l-8.5 8.5-3.5-3.5-1.5 1.5 5 5 10-10z\"><\/path>\n\t\t\t\t<\/svg><\/span><\/a><\/div>\n\t\t\t\t<\/div>\n\t\t\t<\/li><li class=\"wc-block-grid__product entry loop-entry content-bg woo-archive-action-on-hover woo-archive-btn-button product-loop-boxed woo-archive-image-hover-fade\"><a href=\"https:\/\/presses-universitaires.parisnanterre.fr\/index.php\/produit\/les-intellectuelles-europeennes-et-la-guerre-despagne-de-lengagement-personnel-a-la-defense-de-la-republique-espagnole\/\" class=\"wc-block-grid__product-link woocommerce-loop-image-link woocommerce-LoopProduct-link woocommerce-loop-product__link\">\n\t\t\t\t\t<img loading=\"lazy\" decoding=\"async\" width=\"300\" height=\"450\" src=\"https:\/\/presses-universitaires.parisnanterre.fr\/wp-content\/uploads\/2021\/06\/CouvIntellectuellesEuropeennes-300x450.jpg\" class=\"attachment-woocommerce_thumbnail size-woocommerce_thumbnail\" alt=\"Les intellectuelles europ\u00e9ennes et la guerre d\u2019Espagne. De l\u2019engagement personnel \u00e0 la d\u00e9fense de la R\u00e9publique espagnole\" \/>\n\t\t\t\t\t\n\t\t\t\t<\/a>\n\t\t\t\t<div class=\"product-details content-bg entry-content-wrap\">\n\t\t\t\t\t<a href=\"https:\/\/presses-universitaires.parisnanterre.fr\/index.php\/produit\/les-intellectuelles-europeennes-et-la-guerre-despagne-de-lengagement-personnel-a-la-defense-de-la-republique-espagnole\/\" class=\"wc-block-grid__product-title-link\">\n\t\t\t\t\t\t<div class=\"wc-block-grid__product-title\">Les intellectuelles europ\u00e9ennes et la guerre d\u2019Espagne. De l\u2019engagement personnel \u00e0 la d\u00e9fense de la R\u00e9publique espagnole<\/div>\n\t\t\t\t\t<\/a>\n\t\t\t\t\t\n\t\t\t\t\t<div class=\"wc-block-grid__product-price price\"><span class=\"woocommerce-Price-amount amount\"><bdi>19,00&nbsp;<span class=\"woocommerce-Price-currencySymbol\">&euro;<\/span><\/bdi><\/span><\/div>\n\t\t\t\t\t<div class=\"wp-block-button wc-block-grid__product-add-to-cart\"><a href=\"\/index.php\/wp-json\/wp\/v2\/posts\/726?add-to-cart=1224\" aria-label=\"Ajouter au panier\u00a0: &ldquo;Les intellectuelles europ\u00e9ennes et la guerre d\u2019Espagne. De l\u2019engagement personnel \u00e0 la d\u00e9fense de la R\u00e9publique espagnole&rdquo;\" data-quantity=\"1\" data-product_id=\"1224\" data-product_sku=\"\" rel=\"nofollow\" class=\"wp-block-button__link add_to_cart_button ajax_add_to_cart\">Ajouter au panier<span class=\"kadence-svg-iconset svg-baseline\"><svg class=\"kadence-svg-icon kadence-spinner-svg\" fill=\"currentColor\" version=\"1.1\" xmlns=\"http:\/\/www.w3.org\/2000\/svg\" width=\"16\" height=\"16\" viewBox=\"0 0 16 16\"><title>Chargement<\/title><path d=\"M16 6h-6l2.243-2.243c-1.133-1.133-2.64-1.757-4.243-1.757s-3.109 0.624-4.243 1.757c-1.133 1.133-1.757 2.64-1.757 4.243s0.624 3.109 1.757 4.243c1.133 1.133 2.64 1.757 4.243 1.757s3.109-0.624 4.243-1.757c0.095-0.095 0.185-0.192 0.273-0.292l1.505 1.317c-1.466 1.674-3.62 2.732-6.020 2.732-4.418 0-8-3.582-8-8s3.582-8 8-8c2.209 0 4.209 0.896 5.656 2.344l2.343-2.344v6z\"><\/path>\n\t\t\t\t<\/svg><\/span><span class=\"kadence-svg-iconset svg-baseline\"><svg class=\"kadence-svg-icon kadence-check-svg\" fill=\"currentColor\" version=\"1.1\" xmlns=\"http:\/\/www.w3.org\/2000\/svg\" width=\"16\" height=\"16\" viewBox=\"0 0 16 16\"><title>Termin\u00e9<\/title><path d=\"M14 2.5l-8.5 8.5-3.5-3.5-1.5 1.5 5 5 10-10z\"><\/path>\n\t\t\t\t<\/svg><\/span><\/a><\/div>\n\t\t\t\t<\/div>\n\t\t\t<\/li><li class=\"wc-block-grid__product entry loop-entry content-bg woo-archive-action-on-hover woo-archive-btn-button product-loop-boxed woo-archive-image-hover-fade\"><a href=\"https:\/\/presses-universitaires.parisnanterre.fr\/index.php\/produit\/construire-lhomme-nouveau-en-equateur-1895-1925\/\" class=\"wc-block-grid__product-link woocommerce-loop-image-link woocommerce-LoopProduct-link woocommerce-loop-product__link\">\n\t\t\t\t\t<img loading=\"lazy\" decoding=\"async\" width=\"300\" height=\"450\" src=\"https:\/\/presses-universitaires.parisnanterre.fr\/wp-content\/uploads\/2021\/06\/CouvConstruireHommeNouveau-300x450.jpg\" class=\"attachment-woocommerce_thumbnail size-woocommerce_thumbnail\" alt=\"Construire l\u2019homme nouveau en Equateur (1895-1925)\" \/>\n\t\t\t\t\t\n\t\t\t\t<\/a>\n\t\t\t\t<div class=\"product-details content-bg entry-content-wrap\">\n\t\t\t\t\t<a href=\"https:\/\/presses-universitaires.parisnanterre.fr\/index.php\/produit\/construire-lhomme-nouveau-en-equateur-1895-1925\/\" class=\"wc-block-grid__product-title-link\">\n\t\t\t\t\t\t<div class=\"wc-block-grid__product-title\">Construire l\u2019homme nouveau en Equateur (1895-1925)<\/div>\n\t\t\t\t\t<\/a>\n\t\t\t\t\t\n\t\t\t\t\t<div class=\"wc-block-grid__product-price price\"><span class=\"woocommerce-Price-amount amount\"><bdi>20,00&nbsp;<span class=\"woocommerce-Price-currencySymbol\">&euro;<\/span><\/bdi><\/span><\/div>\n\t\t\t\t\t<div class=\"wp-block-button wc-block-grid__product-add-to-cart\"><a href=\"\/index.php\/wp-json\/wp\/v2\/posts\/726?add-to-cart=1226\" aria-label=\"Ajouter au panier\u00a0: &ldquo;Construire l\u2019homme nouveau en Equateur (1895-1925)&rdquo;\" data-quantity=\"1\" data-product_id=\"1226\" data-product_sku=\"\" rel=\"nofollow\" class=\"wp-block-button__link add_to_cart_button ajax_add_to_cart\">Ajouter au panier<span class=\"kadence-svg-iconset svg-baseline\"><svg class=\"kadence-svg-icon kadence-spinner-svg\" fill=\"currentColor\" version=\"1.1\" xmlns=\"http:\/\/www.w3.org\/2000\/svg\" width=\"16\" height=\"16\" viewBox=\"0 0 16 16\"><title>Chargement<\/title><path d=\"M16 6h-6l2.243-2.243c-1.133-1.133-2.64-1.757-4.243-1.757s-3.109 0.624-4.243 1.757c-1.133 1.133-1.757 2.64-1.757 4.243s0.624 3.109 1.757 4.243c1.133 1.133 2.64 1.757 4.243 1.757s3.109-0.624 4.243-1.757c0.095-0.095 0.185-0.192 0.273-0.292l1.505 1.317c-1.466 1.674-3.62 2.732-6.020 2.732-4.418 0-8-3.582-8-8s3.582-8 8-8c2.209 0 4.209 0.896 5.656 2.344l2.343-2.344v6z\"><\/path>\n\t\t\t\t<\/svg><\/span><span class=\"kadence-svg-iconset svg-baseline\"><svg class=\"kadence-svg-icon kadence-check-svg\" fill=\"currentColor\" version=\"1.1\" xmlns=\"http:\/\/www.w3.org\/2000\/svg\" width=\"16\" height=\"16\" viewBox=\"0 0 16 16\"><title>Termin\u00e9<\/title><path d=\"M14 2.5l-8.5 8.5-3.5-3.5-1.5 1.5 5 5 10-10z\"><\/path>\n\t\t\t\t<\/svg><\/span><\/a><\/div>\n\t\t\t\t<\/div>\n\t\t\t<\/li><\/ul><\/div>","protected":false},"excerpt":{"rendered":"<p>La collection a vocation \u00e0 publier des travaux traitant des probl\u00e9matiques majeures qui int\u00e9ressent actuellement la communaut\u00e9 des chercheurs en \u00e9tudes hispaniques. Les travaux publi\u00e9s refl\u00e8tent la diversit\u00e9 propre aux \u00e9tudes hispaniques d\u2019aujourd\u2019hui, sur le plan de la sp\u00e9cialit\u00e9 disciplinaire (litt\u00e9rature, civilisation, linguistique), de l\u2019ancrage g\u00e9o-culturel (Espagne et Am\u00e9rique) ou de la chronologie (travaux allant&#8230;<\/p>\n","protected":false},"author":2,"featured_media":727,"comment_status":"closed","ping_status":"open","sticky":false,"template":"","format":"standard","meta":{"_kad_blocks_custom_css":"","_kad_blocks_head_custom_js":"","_kad_blocks_body_custom_js":"","_kad_blocks_footer_custom_js":"","_kadence_starter_templates_imported_post":false,"_kad_post_transparent":"","_kad_post_title":"","_kad_post_layout":"","_kad_post_sidebar_id":"","_kad_post_content_style":"","_kad_post_vertical_padding":"","_kad_post_feature":"","_kad_post_feature_position":"","_kad_post_header":false,"_kad_post_footer":false,"_kad_post_classname":"","footnotes":""},"categories":[501],"tags":[],"class_list":["post-726","post","type-post","status-publish","format-standard","has-post-thumbnail","hentry","category-collections"],"taxonomy_info":{"category":[{"value":501,"label":"Collections"}]},"featured_image_src_large":["https:\/\/presses-universitaires.parisnanterre.fr\/wp-content\/uploads\/2021\/05\/pexels-michelle-still-creates-4630378-1024x683.jpg",1024,683,true],"author_info":{"display_name":"Thomas Giot-Mikkelsen","author_link":"https:\/\/presses-universitaires.parisnanterre.fr\/index.php\/author\/thomas\/"},"comment_info":0,"category_info":[{"term_id":501,"name":"Collections","slug":"collections","term_group":0,"term_taxonomy_id":501,"taxonomy":"category","description":"","parent":0,"count":45,"filter":"raw","cat_ID":501,"category_count":45,"category_description":"","cat_name":"Collections","category_nicename":"collections","category_parent":0}],"tag_info":false,"_links":{"self":[{"href":"https:\/\/presses-universitaires.parisnanterre.fr\/index.php\/wp-json\/wp\/v2\/posts\/726","targetHints":{"allow":["GET"]}}],"collection":[{"href":"https:\/\/presses-universitaires.parisnanterre.fr\/index.php\/wp-json\/wp\/v2\/posts"}],"about":[{"href":"https:\/\/presses-universitaires.parisnanterre.fr\/index.php\/wp-json\/wp\/v2\/types\/post"}],"author":[{"embeddable":true,"href":"https:\/\/presses-universitaires.parisnanterre.fr\/index.php\/wp-json\/wp\/v2\/users\/2"}],"replies":[{"embeddable":true,"href":"https:\/\/presses-universitaires.parisnanterre.fr\/index.php\/wp-json\/wp\/v2\/comments?post=726"}],"version-history":[{"count":6,"href":"https:\/\/presses-universitaires.parisnanterre.fr\/index.php\/wp-json\/wp\/v2\/posts\/726\/revisions"}],"predecessor-version":[{"id":3621,"href":"https:\/\/presses-universitaires.parisnanterre.fr\/index.php\/wp-json\/wp\/v2\/posts\/726\/revisions\/3621"}],"wp:featuredmedia":[{"embeddable":true,"href":"https:\/\/presses-universitaires.parisnanterre.fr\/index.php\/wp-json\/wp\/v2\/media\/727"}],"wp:attachment":[{"href":"https:\/\/presses-universitaires.parisnanterre.fr\/index.php\/wp-json\/wp\/v2\/media?parent=726"}],"wp:term":[{"taxonomy":"category","embeddable":true,"href":"https:\/\/presses-universitaires.parisnanterre.fr\/index.php\/wp-json\/wp\/v2\/categories?post=726"},{"taxonomy":"post_tag","embeddable":true,"href":"https:\/\/presses-universitaires.parisnanterre.fr\/index.php\/wp-json\/wp\/v2\/tags?post=726"}],"curies":[{"name":"wp","href":"https:\/\/api.w.org\/{rel}","templated":true}]}}